{"id":239,"date":"2020-02-10T11:51:36","date_gmt":"2020-02-10T10:51:36","guid":{"rendered":"http:\/\/carpates.ch\/?p=239"},"modified":"2020-11-19T12:17:58","modified_gmt":"2020-11-19T11:17:58","slug":"transcarpathie-2020","status":"publish","type":"post","link":"http:\/\/carpates.ch\/?p=239","title":{"rendered":"Transcarpathie 2020"},"content":{"rendered":"\n<h2 class=\"wp-block-heading\"><strong>La semaine en vid\u00e9o<\/strong><\/h2>\n\n\n\n<p class=\"wp-block-paragraph\"><a rel=\"noreferrer noopener\" href=\"http:\/\/soucotra.ch\/uk20\/tc20a.mp4\" target=\"_blank\">Haute d\u00e9finition<\/a><br><br><a rel=\"noreferrer noopener\" href=\"http:\/\/soucotra.ch\/uk20\/tc20b.mp4\" target=\"_blank\">Moyenne d\u00e9finition<\/a><\/p>\n\n\n\n<figure class=\"wp-block-image size-large\"><img loading=\"lazy\" decoding=\"async\" width=\"364\" height=\"484\" src=\"http:\/\/carpates.ch\/wp-content\/uploads\/2020\/11\/0B4D4788-363F-47E0-9296-07164F56DD73.jpeg\" alt=\"\" class=\"wp-image-242\" srcset=\"http:\/\/carpates.ch\/wp-content\/uploads\/2020\/11\/0B4D4788-363F-47E0-9296-07164F56DD73.jpeg 364w, http:\/\/carpates.ch\/wp-content\/uploads\/2020\/11\/0B4D4788-363F-47E0-9296-07164F56DD73-226x300.jpeg 226w\" sizes=\"auto, (max-width: 364px) 100vw, 364px\" \/><\/figure>\n","protected":false},"excerpt":{"rendered":"<p>La semaine en vid\u00e9o Haute d\u00e9finition Moyenne d\u00e9finition<\/p>\n","protected":false},"author":1,"featured_media":0,"comment_status":"closed","ping_status":"closed","sticky":false,"template":"","format":"standard","meta":{"footnotes":""},"categories":[3],"tags":[],"class_list":["post-239","post","type-post","status-publish","format-standard","hentry","category-expeditions"],"_links":{"self":[{"href":"http:\/\/carpates.ch\/index.php?rest_route=\/wp\/v2\/posts\/239","targetHints":{"allow":["GET"]}}],"collection":[{"href":"http:\/\/carpates.ch\/index.php?rest_route=\/wp\/v2\/posts"}],"about":[{"href":"http:\/\/carpates.ch\/index.php?rest_route=\/wp\/v2\/types\/post"}],"author":[{"embeddable":true,"href":"http:\/\/carpates.ch\/index.php?rest_route=\/wp\/v2\/users\/1"}],"replies":[{"embeddable":true,"href":"http:\/\/carpates.ch\/index.php?rest_route=%2Fwp%2Fv2%2Fcomments&post=239"}],"version-history":[{"count":5,"href":"http:\/\/carpates.ch\/index.php?rest_route=\/wp\/v2\/posts\/239\/revisions"}],"predecessor-version":[{"id":249,"href":"http:\/\/carpates.ch\/index.php?rest_route=\/wp\/v2\/posts\/239\/revisions\/249"}],"wp:attachment":[{"href":"http:\/\/carpates.ch\/index.php?rest_route=%2Fwp%2Fv2%2Fmedia&parent=239"}],"wp:term":[{"taxonomy":"category","embeddable":true,"href":"http:\/\/carpates.ch\/index.php?rest_route=%2Fwp%2Fv2%2Fcategories&post=239"},{"taxonomy":"post_tag","embeddable":true,"href":"http:\/\/carpates.ch\/index.php?rest_route=%2Fwp%2Fv2%2Ftags&post=239"}],"curies":[{"name":"wp","href":"https:\/\/api.w.org\/{rel}","templated":true}]}}