{"id":201,"date":"2019-02-18T11:02:02","date_gmt":"2019-02-18T10:02:02","guid":{"rendered":"http:\/\/carpates.ch\/?p=201"},"modified":"2020-11-19T11:49:34","modified_gmt":"2020-11-19T10:49:34","slug":"reflet-de-la-semaine","status":"publish","type":"post","link":"http:\/\/carpates.ch\/?p=201","title":{"rendered":"Transcarpathie 2019"},"content":{"rendered":"<h1><strong>Reflet de la semaine en vid\u00e9o<\/strong><\/h1>\n<p>Version en haute d\u00e9finition<br \/><a href=\"http:\/\/barsaf.re\/carpates19\/carpatesa.mp4\" target=\"_blank\" rel=\"noopener noreferrer\">Carpates 2019 haute d\u00e9finition <\/a><\/p>\n<p>Version en basse d\u00e9finition<br \/><a href=\"http:\/\/barsaf.re\/carpates19\/carpatesb.mp4\">Carpates 2019 basse d\u00e9finition<\/a><\/p>\n<p>Version terrain en haute d\u00e9finition<br \/><a href=\"http:\/\/barsaf.re\/baroud\/carpates1080b.mp4\">Carpates 2019 Terrain HD<\/a><\/p>\n<p>YouTube Baroud&rsquo;land<br \/><a href=\"https:\/\/www.youtube.com\/watch?v=txjB0Q5XgM4\" target=\"_blank\" rel=\"noopener noreferrer\">Carpates 2019 Baroud&rsquo;land<\/a><\/p>\n\n\n<p class=\"wp-block-paragraph\"><\/p>\n","protected":false},"excerpt":{"rendered":"<p>Reflet de la semaine en vid\u00e9o Version en haute d\u00e9finitionCarpates 2019 haute d\u00e9finition Version en basse d\u00e9finitionCarpates 2019 basse d\u00e9finition Version terrain en haute d\u00e9finitionCarpates 2019 Terrain HD YouTube Baroud&rsquo;landCarpates 2019 Baroud&rsquo;land<\/p>\n","protected":false},"author":1,"featured_media":0,"comment_status":"closed","ping_status":"closed","sticky":false,"template":"","format":"standard","meta":{"footnotes":""},"categories":[3],"tags":[],"class_list":["post-201","post","type-post","status-publish","format-standard","hentry","category-expeditions"],"_links":{"self":[{"href":"http:\/\/carpates.ch\/index.php?rest_route=\/wp\/v2\/posts\/201","targetHints":{"allow":["GET"]}}],"collection":[{"href":"http:\/\/carpates.ch\/index.php?rest_route=\/wp\/v2\/posts"}],"about":[{"href":"http:\/\/carpates.ch\/index.php?rest_route=\/wp\/v2\/types\/post"}],"author":[{"embeddable":true,"href":"http:\/\/carpates.ch\/index.php?rest_route=\/wp\/v2\/users\/1"}],"replies":[{"embeddable":true,"href":"http:\/\/carpates.ch\/index.php?rest_route=%2Fwp%2Fv2%2Fcomments&post=201"}],"version-history":[{"count":11,"href":"http:\/\/carpates.ch\/index.php?rest_route=\/wp\/v2\/posts\/201\/revisions"}],"predecessor-version":[{"id":238,"href":"http:\/\/carpates.ch\/index.php?rest_route=\/wp\/v2\/posts\/201\/revisions\/238"}],"wp:attachment":[{"href":"http:\/\/carpates.ch\/index.php?rest_route=%2Fwp%2Fv2%2Fmedia&parent=201"}],"wp:term":[{"taxonomy":"category","embeddable":true,"href":"http:\/\/carpates.ch\/index.php?rest_route=%2Fwp%2Fv2%2Fcategories&post=201"},{"taxonomy":"post_tag","embeddable":true,"href":"http:\/\/carpates.ch\/index.php?rest_route=%2Fwp%2Fv2%2Ftags&post=201"}],"curies":[{"name":"wp","href":"https:\/\/api.w.org\/{rel}","templated":true}]}}