{"id":174,"date":"2019-02-18T12:02:33","date_gmt":"2019-02-18T11:02:33","guid":{"rendered":"http:\/\/carpates.ch\/?p=174"},"modified":"2020-11-19T11:17:52","modified_gmt":"2020-11-19T10:17:52","slug":"2019-par-monts-et-par-vaux-a-travers-les-carpates","status":"publish","type":"post","link":"http:\/\/carpates.ch\/?p=174","title":{"rendered":"2019 Par Monts et par Vaux \u00e0 travers les Carpates"},"content":{"rendered":"<p><img loading=\"lazy\" decoding=\"async\" class=\"aligncenter wp-image-211\" src=\"http:\/\/carpates.ch\/wp-content\/uploads\/2019\/02\/carpates1-1024x768.jpg\" alt=\"\" width=\"800\" height=\"600\" srcset=\"http:\/\/carpates.ch\/wp-content\/uploads\/2019\/02\/carpates1.jpg 1024w, http:\/\/carpates.ch\/wp-content\/uploads\/2019\/02\/carpates1-300x225.jpg 300w, http:\/\/carpates.ch\/wp-content\/uploads\/2019\/02\/carpates1-768x576.jpg 768w\" sizes=\"auto, (max-width: 767px) 89vw, (max-width: 1000px) 54vw, (max-width: 1071px) 543px, 580px\" \/><\/p>\n<p>De Satumare (Roumanie) \u00e0 Tiszabecs (Hongrie) en passant par S\u0101p\u00e2nta, Baiamare, Bistrita, Campulung Moldovenesc, (Roumanie) Vama Siret, (fronti\u00e8re Roumanie-Ukraine)ChernIvtsy\/\u0447\u0435\u0440\u043d\u0456\u0432\u0446\u0456,\u00a0Verkhovyna\/\u0432\u0435\u0440\u0445\u043e\u0432\u0438\u043d\u0430, Vorokhta\/\u0432\u043e\u0440\u043e\u0445\u0442\u0430 et Kolochava\/\u043a\u043e\u043b\u043e\u0447\u0430\u0432\u0430 (Ukraine)<\/p>\n<h3><em><strong>Premi\u00e8re journ\u00e9e :<\/strong><br \/><\/em>points forts: neige abondante et traces fra\u00eeches de pattes d\u2019ours.<\/h3>\n<p><a href=\"http:\/\/barsaf.re\/carpates\/j1\/\" target=\"_blank\" rel=\"noopener noreferrer\"><b>photos du premier jour<\/b><\/a><\/p>\n<h3><em><strong>Suite en vid\u00e9o\u00a0<\/strong><\/em><\/h3>\n\n\n<p class=\"wp-block-paragraph\"><\/p>\n","protected":false},"excerpt":{"rendered":"<p>De Satumare (Roumanie) \u00e0 Tiszabecs (Hongrie) en passant par S\u0101p\u00e2nta, Baiamare, Bistrita, Campulung Moldovenesc, (Roumanie) Vama Siret, (fronti\u00e8re Roumanie-Ukraine)ChernIvtsy\/\u0447\u0435\u0440\u043d\u0456\u0432\u0446\u0456,\u00a0Verkhovyna\/\u0432\u0435\u0440\u0445\u043e\u0432\u0438\u043d\u0430, Vorokhta\/\u0432\u043e\u0440\u043e\u0445\u0442\u0430 et Kolochava\/\u043a\u043e\u043b\u043e\u0447\u0430\u0432\u0430 (Ukraine) Premi\u00e8re journ\u00e9e :points forts: neige abondante et traces fra\u00eeches de pattes d\u2019ours. photos du premier jour Suite en vid\u00e9o\u00a0<\/p>\n","protected":false},"author":1,"featured_media":0,"comment_status":"open","ping_status":"closed","sticky":false,"template":"","format":"standard","meta":{"footnotes":""},"categories":[3],"tags":[],"class_list":["post-174","post","type-post","status-publish","format-standard","hentry","category-expeditions"],"_links":{"self":[{"href":"http:\/\/carpates.ch\/index.php?rest_route=\/wp\/v2\/posts\/174","targetHints":{"allow":["GET"]}}],"collection":[{"href":"http:\/\/carpates.ch\/index.php?rest_route=\/wp\/v2\/posts"}],"about":[{"href":"http:\/\/carpates.ch\/index.php?rest_route=\/wp\/v2\/types\/post"}],"author":[{"embeddable":true,"href":"http:\/\/carpates.ch\/index.php?rest_route=\/wp\/v2\/users\/1"}],"replies":[{"embeddable":true,"href":"http:\/\/carpates.ch\/index.php?rest_route=%2Fwp%2Fv2%2Fcomments&post=174"}],"version-history":[{"count":19,"href":"http:\/\/carpates.ch\/index.php?rest_route=\/wp\/v2\/posts\/174\/revisions"}],"predecessor-version":[{"id":264,"href":"http:\/\/carpates.ch\/index.php?rest_route=\/wp\/v2\/posts\/174\/revisions\/264"}],"wp:attachment":[{"href":"http:\/\/carpates.ch\/index.php?rest_route=%2Fwp%2Fv2%2Fmedia&parent=174"}],"wp:term":[{"taxonomy":"category","embeddable":true,"href":"http:\/\/carpates.ch\/index.php?rest_route=%2Fwp%2Fv2%2Fcategories&post=174"},{"taxonomy":"post_tag","embeddable":true,"href":"http:\/\/carpates.ch\/index.php?rest_route=%2Fwp%2Fv2%2Ftags&post=174"}],"curies":[{"name":"wp","href":"https:\/\/api.w.org\/{rel}","templated":true}]}}