{"id":154,"date":"2019-02-18T12:03:05","date_gmt":"2019-02-18T11:03:05","guid":{"rendered":"http:\/\/carpates.ch\/?p=154"},"modified":"2020-11-19T10:30:16","modified_gmt":"2020-11-19T09:30:16","slug":"les-carpates-dans-leurope-2","status":"publish","type":"post","link":"http:\/\/carpates.ch\/?p=154","title":{"rendered":"LE MASSIF DES CARPATES"},"content":{"rendered":"<p><img loading=\"lazy\" decoding=\"async\" class=\"aligncenter wp-image-209\" src=\"http:\/\/carpates.ch\/wp-content\/uploads\/2019\/02\/carpates-1024x768.jpg\" alt=\"\" width=\"800\" height=\"600\" srcset=\"http:\/\/carpates.ch\/wp-content\/uploads\/2019\/02\/carpates.jpg 1024w, http:\/\/carpates.ch\/wp-content\/uploads\/2019\/02\/carpates-300x225.jpg 300w, http:\/\/carpates.ch\/wp-content\/uploads\/2019\/02\/carpates-768x576.jpg 768w\" sizes=\"auto, (max-width: 767px) 89vw, (max-width: 1000px) 54vw, (max-width: 1071px) 543px, 580px\" \/><br \/>\nLes Carpates doivent leur nom \u00e0 la tribu dace des Carpes dont le nom vient de Carpa, un ancien terme indo-europ\u00e9en signifiant \u00ab roche \u00bb.<span class=\"Apple-converted-space\">\u00a0<\/span><\/p>\n<p>Les Carpates (ukrainien\u00a0:\u00a0\u041a\u0430\u0440\u043f\u0430\u0442\u0438, roumain\u00a0:\u00a0Mun\u021bii Carpa\u021bi, tch\u00e8que\u00a0:\u00a0Karpaty, polonais\u00a0:\u00a0Karpaty, slovaque\u00a0:\u00a0Karpaty, allemand\u00a0:\u00a0Karpaten, hongrois\u00a0:\u00a0K\u00e1rp\u00e1tok, serbe\u00a0:\u00a0\u041a\u0430\u0440\u043f\u0430\u0442\u0438, jadis parfois orthographi\u00e9es Carpathes ou Karpathes) constituent la partie orientale de l\u2019ensemble montagneux situ\u00e9 au centre de l\u2019Europe, dont les Alpes constituent la partie occidentale. Les Carpates et les Alpes partagent les m\u00eames origines tectoniques et g\u00e9ologiques. Les Carpates s\u2019\u00e9tendent sur les territoires de l\u2019Autriche, de la Slovaquie, de la Pologne, de la R\u00e9publique tch\u00e8que, de la Hongrie, de l&rsquo;Ukraine, de la Roumanie et de la Serbie.<span class=\"Apple-converted-space\">\u00a0<\/span><\/p>\n<p>Principale cha\u00eene de montagnes de l\u2019Europe centrale, les Carpates culminent \u00e0 2 655 m au mont Gerlachovsk\u00fd en Slovaquie, \u00e0 2 544 m au mont Moldoveanu en Roumanie et \u00e0 2 499 m au mont Rysy en Pologne. La cha\u00eene des Carpates a une longueur d&rsquo;environ 1500 kilom\u00e8tres.<\/p>\n<p><a href=\"http:\/\/carpates.ch\/?attachment_id=155\"><img loading=\"lazy\" decoding=\"async\" class=\"aligncenter wp-image-155\" src=\"http:\/\/carpates.ch\/wp-content\/uploads\/2019\/02\/image1-1-300x134.jpeg\" alt=\"{CAPTION}\" width=\"600\" height=\"267\" srcset=\"http:\/\/carpates.ch\/wp-content\/uploads\/2019\/02\/image1-1-300x134.jpeg 300w, http:\/\/carpates.ch\/wp-content\/uploads\/2019\/02\/image1-1-768x342.jpeg 768w, http:\/\/carpates.ch\/wp-content\/uploads\/2019\/02\/image1-1.jpeg 1000w\" sizes=\"auto, (max-width: 600px) 100vw, 600px\" \/><\/a><\/p>\n","protected":false},"excerpt":{"rendered":"<p>Les Carpates doivent leur nom \u00e0 la tribu dace des Carpes dont le nom vient de Carpa, un ancien terme indo-europ\u00e9en signifiant \u00ab roche \u00bb.\u00a0 Les Carpates (ukrainien\u00a0:\u00a0\u041a\u0430\u0440\u043f\u0430\u0442\u0438, roumain\u00a0:\u00a0Mun\u021bii Carpa\u021bi, tch\u00e8que\u00a0:\u00a0Karpaty, polonais\u00a0:\u00a0Karpaty, slovaque\u00a0:\u00a0Karpaty, allemand\u00a0:\u00a0Karpaten, hongrois\u00a0:\u00a0K\u00e1rp\u00e1tok, serbe\u00a0:\u00a0\u041a\u0430\u0440\u043f\u0430\u0442\u0438, jadis parfois orthographi\u00e9es Carpathes ou Karpathes) constituent la partie orientale de l\u2019ensemble montagneux situ\u00e9 au centre de l\u2019Europe, dont &hellip; <\/p>\n<p class=\"link-more\"><a href=\"http:\/\/carpates.ch\/?p=154\" class=\"more-link\">Continuer la lecture<span class=\"screen-reader-text\"> de &laquo;&nbsp;LE MASSIF DES CARPATES&nbsp;&raquo;<\/span><\/a><\/p>\n","protected":false},"author":1,"featured_media":0,"comment_status":"closed","ping_status":"closed","sticky":true,"template":"","format":"standard","meta":{"footnotes":""},"categories":[2],"tags":[],"class_list":["post-154","post","type-post","status-publish","format-standard","hentry","category-documentation"],"_links":{"self":[{"href":"http:\/\/carpates.ch\/index.php?rest_route=\/wp\/v2\/posts\/154","targetHints":{"allow":["GET"]}}],"collection":[{"href":"http:\/\/carpates.ch\/index.php?rest_route=\/wp\/v2\/posts"}],"about":[{"href":"http:\/\/carpates.ch\/index.php?rest_route=\/wp\/v2\/types\/post"}],"author":[{"embeddable":true,"href":"http:\/\/carpates.ch\/index.php?rest_route=\/wp\/v2\/users\/1"}],"replies":[{"embeddable":true,"href":"http:\/\/carpates.ch\/index.php?rest_route=%2Fwp%2Fv2%2Fcomments&post=154"}],"version-history":[{"count":10,"href":"http:\/\/carpates.ch\/index.php?rest_route=\/wp\/v2\/posts\/154\/revisions"}],"predecessor-version":[{"id":229,"href":"http:\/\/carpates.ch\/index.php?rest_route=\/wp\/v2\/posts\/154\/revisions\/229"}],"wp:attachment":[{"href":"http:\/\/carpates.ch\/index.php?rest_route=%2Fwp%2Fv2%2Fmedia&parent=154"}],"wp:term":[{"taxonomy":"category","embeddable":true,"href":"http:\/\/carpates.ch\/index.php?rest_route=%2Fwp%2Fv2%2Fcategories&post=154"},{"taxonomy":"post_tag","embeddable":true,"href":"http:\/\/carpates.ch\/index.php?rest_route=%2Fwp%2Fv2%2Ftags&post=154"}],"curies":[{"name":"wp","href":"https:\/\/api.w.org\/{rel}","templated":true}]}}