{"id":14,"date":"2017-06-17T21:16:44","date_gmt":"2017-06-17T21:16:44","guid":{"rendered":"http:\/\/carpates.ch\/?p=14"},"modified":"2019-02-18T13:28:23","modified_gmt":"2019-02-18T12:28:23","slug":"vercors-2017","status":"publish","type":"post","link":"http:\/\/carpates.ch\/?p=14","title":{"rendered":"VERCORS"},"content":{"rendered":"<p><strong>Projet d&rsquo;activit\u00e9s<\/strong><\/p>\n<ul>\n<li>Visite des maisons suspendues de Pont-en-Royans + visite du village<\/li>\n<li>Visite de la grotte de Choranche<\/li>\n<li>Visite de la grotte de Bournillon<\/li>\n<li>Visite du village de la Chapelle-en-Vercors<\/li>\n<li>Visite du village de Saint-Agnan-en-Vercors<\/li>\n<li>Visite de la grotte de la Luire (h\u00f4pital de la r\u00e9sistance)<\/li>\n<li>Visite de Vassieux (m\u00e9morial de la r\u00e9sistance)&nbsp;<a href=\"http:\/\/memorial-vercors.fr\/fr_FR\/index.php\" target=\"_blank\" rel=\"noopener noreferrer\">M\u00e9morial du Vercors <\/a><\/li>\n<li>Randonn\u00e9e dans la r\u00e9gion de Vassieux<\/li>\n<li>Mont\u00e9e dans la r\u00e9gion d&rsquo;Annecy<\/li>\n<li>Visite des Gorges du Fier<br \/>\n<strong><br \/>\nIl s&rsquo;agit d&rsquo;id\u00e9es pouvant \u00e9voluer selon les d\u00e9sirs, le temps \u00e0 disposition et la m\u00e9t\u00e9o:<\/strong>&nbsp;<a href=\"https:\/\/weather.com\/fr-FR\/temps\/aujour\/l\/FRRA2049:1:FR\" target=\"_blank\" rel=\"noopener noreferrer\">M\u00e9t\u00e9o \u00e0 Vassieux<\/a><\/li>\n<\/ul>\n<p><strong>Cartes topographiques :<\/strong> <a href=\"https:\/\/www.geoportail.gouv.fr\/carte\/?c=6.828367,47.358683&amp;z=0.000316906&amp;l=GEOGRAPHICALGRIDSYSTEMS.MAPS.3D$GEOPORTAIL:OGC:WMTS@aggregate(1)&amp;permalink=yes#\" target=\"_blank\" rel=\"noopener noreferrer\">Carte topo France<\/a><\/p>\n","protected":false},"excerpt":{"rendered":"<p>Projet d&rsquo;activit\u00e9s Visite des maisons suspendues de Pont-en-Royans + visite du village Visite de la grotte de Choranche Visite de la grotte de Bournillon Visite du village de la Chapelle-en-Vercors Visite du village de Saint-Agnan-en-Vercors Visite de la grotte de la Luire (h\u00f4pital de la r\u00e9sistance) Visite de Vassieux (m\u00e9morial de la r\u00e9sistance)&nbsp;M\u00e9morial du Vercors &hellip; <\/p>\n<p class=\"link-more\"><a href=\"http:\/\/carpates.ch\/?p=14\" class=\"more-link\">Continuer la lecture<span class=\"screen-reader-text\"> de &laquo;&nbsp;VERCORS&nbsp;&raquo;<\/span><\/a><\/p>\n","protected":false},"author":1,"featured_media":0,"comment_status":"closed","ping_status":"closed","sticky":false,"template":"","format":"standard","meta":{"footnotes":""},"categories":[1],"tags":[],"class_list":["post-14","post","type-post","status-publish","format-standard","hentry","category-uncategorized"],"_links":{"self":[{"href":"http:\/\/carpates.ch\/index.php?rest_route=\/wp\/v2\/posts\/14","targetHints":{"allow":["GET"]}}],"collection":[{"href":"http:\/\/carpates.ch\/index.php?rest_route=\/wp\/v2\/posts"}],"about":[{"href":"http:\/\/carpates.ch\/index.php?rest_route=\/wp\/v2\/types\/post"}],"author":[{"embeddable":true,"href":"http:\/\/carpates.ch\/index.php?rest_route=\/wp\/v2\/users\/1"}],"replies":[{"embeddable":true,"href":"http:\/\/carpates.ch\/index.php?rest_route=%2Fwp%2Fv2%2Fcomments&post=14"}],"version-history":[{"count":9,"href":"http:\/\/carpates.ch\/index.php?rest_route=\/wp\/v2\/posts\/14\/revisions"}],"predecessor-version":[{"id":166,"href":"http:\/\/carpates.ch\/index.php?rest_route=\/wp\/v2\/posts\/14\/revisions\/166"}],"wp:attachment":[{"href":"http:\/\/carpates.ch\/index.php?rest_route=%2Fwp%2Fv2%2Fmedia&parent=14"}],"wp:term":[{"taxonomy":"category","embeddable":true,"href":"http:\/\/carpates.ch\/index.php?rest_route=%2Fwp%2Fv2%2Fcategories&post=14"},{"taxonomy":"post_tag","embeddable":true,"href":"http:\/\/carpates.ch\/index.php?rest_route=%2Fwp%2Fv2%2Ftags&post=14"}],"curies":[{"name":"wp","href":"https:\/\/api.w.org\/{rel}","templated":true}]}}